{"id":393,"date":"2022-11-02T20:53:47","date_gmt":"2022-11-02T20:53:47","guid":{"rendered":"http:\/\/regenherz.de\/?p=393"},"modified":"2022-11-02T20:53:48","modified_gmt":"2022-11-02T20:53:48","slug":"dichtung-oder-wahrheit-2","status":"publish","type":"post","link":"http:\/\/regenherz.de\/?p=393","title":{"rendered":"Dichtung oder Wahrheit?"},"content":{"rendered":"\n<p><\/p>\n\n\n\n<p>Ausgangspunkt unseres Buchprojekts ist die Frage, wie es sich wohl anf\u00fchlen w\u00fcrde, wenn das Unbekannte, Fantastische, Au\u00dferirdische pl\u00f6tzlich in unseren ganz normalen Alltag einbricht. Dazu haben Lairis und ich f\u00fcr unsere ersten Kapitel Situationen gew\u00e4hlt, die wir tats\u00e4chlich erlebt haben \u2013 und das mehr als einmal. Lairis einen Urlaub in Tropical Islands und ich einen ganz normalen Tag, an dem ich etwas verpennt mein Altpapier in die Laube meines Nachbarn bringe, damit er es bei Gelegenheit verkaufen kann. Beide haben wir mehr oder weniger reale Charaktere f\u00fcr unseren Einstieg gew\u00e4hlt. Das sind zun\u00e4chst einmal Pendants von uns selbst \u2013 die Projektmanagerin an der Uni Potsdam Melissa Hardenberg und die Rentnerin und Autorin Amanda Landmann. Lairis hat ihren leicht ver\u00e4nderten Ex mit in die Geschichte geholt, ich habe einen Nachbarn und meine bulgarische Haus\u00e4rztin verwurstet. Sp\u00e4ter kamen weitere Freunde und Bekannte dazu. Manche realen Charaktere tauchen nur in einem einzigen Kapitel auf, andere \u00fcbernehmen tragende Rollen. Die Aliens sind, bis auf eins, erfunden. Lustigerweise hat Lairis einer sehr guten Freundin von uns K\u00e4fergestalt verpasst \u2013 und es funktioniert hervorragend. Die irdischen Schaupl\u00e4tze sind alle real und uns bis auf wenige Ausnahmen pers\u00f6nlich vertraut. Wo wir nicht selbst waren, haben wir uns aus B\u00fcchern und dem Internet die n\u00f6tigen Einzelheiten besorgt. Lairis hat die SF-Ideen sorgf\u00e4ltig recherchiert und ich habe die Sterne herausgesucht, um die die Welten der Liga kreisen. Selbst das Prozedere bei der EU-Forschungsf\u00f6rderung ist korrekt dargestellt. Es bleibt der bohrende Gedanke: Ist die Normalit\u00e4t nur eine Fassade? Was ist Traum und was ist Wirklichkeit?<\/p>\n","protected":false},"excerpt":{"rendered":"<p>Ausgangspunkt unseres Buchprojekts ist die Frage, wie es sich wohl anf\u00fchlen w\u00fcrde, wenn das Unbekannte, Fantastische, Au\u00dferirdische pl\u00f6tzlich in unseren ganz normalen Alltag einbricht. Dazu haben Lairis und ich f\u00fcr unsere ersten Kapitel Situationen gew\u00e4hlt, die wir tats\u00e4chlich erlebt haben \u2013 und das mehr als einmal. Lairis einen Urlaub in Tropical Islands und ich einen <a class=\"read-more\" href=\"http:\/\/regenherz.de\/?p=393\">Weiterlesen<\/a><\/p>\n","protected":false},"author":2,"featured_media":0,"comment_status":"open","ping_status":"open","sticky":false,"template":"","format":"standard","meta":[],"categories":[1],"tags":[],"_links":{"self":[{"href":"http:\/\/regenherz.de\/index.php?rest_route=\/wp\/v2\/posts\/393"}],"collection":[{"href":"http:\/\/regenherz.de\/index.php?rest_route=\/wp\/v2\/posts"}],"about":[{"href":"http:\/\/regenherz.de\/index.php?rest_route=\/wp\/v2\/types\/post"}],"author":[{"embeddable":true,"href":"http:\/\/regenherz.de\/index.php?rest_route=\/wp\/v2\/users\/2"}],"replies":[{"embeddable":true,"href":"http:\/\/regenherz.de\/index.php?rest_route=%2Fwp%2Fv2%2Fcomments&post=393"}],"version-history":[{"count":1,"href":"http:\/\/regenherz.de\/index.php?rest_route=\/wp\/v2\/posts\/393\/revisions"}],"predecessor-version":[{"id":394,"href":"http:\/\/regenherz.de\/index.php?rest_route=\/wp\/v2\/posts\/393\/revisions\/394"}],"wp:attachment":[{"href":"http:\/\/regenherz.de\/index.php?rest_route=%2Fwp%2Fv2%2Fmedia&parent=393"}],"wp:term":[{"taxonomy":"category","embeddable":true,"href":"http:\/\/regenherz.de\/index.php?rest_route=%2Fwp%2Fv2%2Fcategories&post=393"},{"taxonomy":"post_tag","embeddable":true,"href":"http:\/\/regenherz.de\/index.php?rest_route=%2Fwp%2Fv2%2Ftags&post=393"}],"curies":[{"name":"wp","href":"https:\/\/api.w.org\/{rel}","templated":true}]}}